{"id":162,"date":"2015-01-09T19:01:57","date_gmt":"2015-01-09T19:01:57","guid":{"rendered":"http:\/\/derechomercantil.umh.es\/?p=162"},"modified":"2018-07-10T12:13:18","modified_gmt":"2018-07-10T10:13:18","slug":"jornada-sobre-la-actualidad-y-vigencia-practica-del-derecho-de-la-insolvencia-en-el-ordenamiento-juridico-argentino","status":"publish","type":"post","link":"https:\/\/derechomercantil.umh.es\/ca\/2015\/01\/09\/jornada-sobre-la-actualidad-y-vigencia-practica-del-derecho-de-la-insolvencia-en-el-ordenamiento-juridico-argentino\/","title":{"rendered":"<span lang=\"es\">(Espa\u00f1ol) Jornada sobre la actualidad y vigencia pr\u00e1ctica del Derecho de la Insolvencia en el ordenamiento jur\u00eddico argentino<\/span>"},"content":{"rendered":"<p class=\"qtranxs-available-languages-message qtranxs-available-languages-message-ca\">Ho sentim, aquesta entrada es troba disponible \u00fanicament en <a href=\"https:\/\/derechomercantil.umh.es\/es\/wp-json\/wp\/v2\/posts\/162\" class=\"qtranxs-available-language-link qtranxs-available-language-link-es\" title=\"Espa\u00f1ol\">Espanyol Europeu<\/a>.<\/p>","protected":false},"excerpt":{"rendered":"<p>Ho sentim, aquesta entrada es troba disponible \u00fanicament en Espanyol Europeu.<\/p>\n","protected":false},"author":336,"featured_media":0,"comment_status":"closed","ping_status":"open","sticky":false,"template":"","format":"standard","meta":{"_links_to":"","_links_to_target":""},"categories":[1],"tags":[],"_links":{"self":[{"href":"https:\/\/derechomercantil.umh.es\/ca\/wp-json\/wp\/v2\/posts\/162"}],"collection":[{"href":"https:\/\/derechomercantil.umh.es\/ca\/wp-json\/wp\/v2\/posts"}],"about":[{"href":"https:\/\/derechomercantil.umh.es\/ca\/wp-json\/wp\/v2\/types\/post"}],"author":[{"embeddable":true,"href":"https:\/\/derechomercantil.umh.es\/ca\/wp-json\/wp\/v2\/users\/336"}],"replies":[{"embeddable":true,"href":"https:\/\/derechomercantil.umh.es\/ca\/wp-json\/wp\/v2\/comments?post=162"}],"version-history":[{"count":0,"href":"https:\/\/derechomercantil.umh.es\/ca\/wp-json\/wp\/v2\/posts\/162\/revisions"}],"wp:attachment":[{"href":"https:\/\/derechomercantil.umh.es\/ca\/wp-json\/wp\/v2\/media?parent=162"}],"wp:term":[{"taxonomy":"category","embeddable":true,"href":"https:\/\/derechomercantil.umh.es\/ca\/wp-json\/wp\/v2\/categories?post=162"},{"taxonomy":"post_tag","embeddable":true,"href":"https:\/\/derechomercantil.umh.es\/ca\/wp-json\/wp\/v2\/tags?post=162"}],"curies":[{"name":"wp","href":"https:\/\/api.w.org\/{rel}","templated":true}]}}