{"id":610,"date":"2021-10-27T10:14:49","date_gmt":"2021-10-27T08:14:49","guid":{"rendered":"https:\/\/derechomercantil.umh.es\/?p=610"},"modified":"2023-09-25T18:48:17","modified_gmt":"2023-09-25T16:48:17","slug":"seminario-sobre-el-regimen-juridico-de-los-auditores-de-cuentas-por-el-profesor-guillermo-jose-velasco-fabra-28-de-octubre-de-2021","status":"publish","type":"post","link":"https:\/\/derechomercantil.umh.es\/ca\/2021\/10\/27\/seminario-sobre-el-regimen-juridico-de-los-auditores-de-cuentas-por-el-profesor-guillermo-jose-velasco-fabra-28-de-octubre-de-2021\/","title":{"rendered":"<span lang=\"es\">(Espa\u00f1ol) Seminario sobre el &#8220;R\u00e9gimen Jur\u00eddico de los Auditores de Cuentas&#8221; por el Profesor D. Guillermo Jos\u00e9 Velasco Fabra &#8211; 28 de octubre de 2021.<\/span>"},"content":{"rendered":"<p class=\"qtranxs-available-languages-message qtranxs-available-languages-message-ca\">Ho sentim, aquesta entrada es troba disponible \u00fanicament en <a href=\"https:\/\/derechomercantil.umh.es\/es\/wp-json\/wp\/v2\/posts\/610\" class=\"qtranxs-available-language-link qtranxs-available-language-link-es\" title=\"Espa\u00f1ol\">Espanyol Europeu<\/a>.<\/p>","protected":false},"excerpt":{"rendered":"<p>Ho sentim, aquesta entrada es troba disponible \u00fanicament en Espanyol Europeu.<\/p>\n","protected":false},"author":5016,"featured_media":0,"comment_status":"closed","ping_status":"open","sticky":false,"template":"","format":"standard","meta":{"_links_to":"","_links_to_target":""},"categories":[1],"tags":[],"_links":{"self":[{"href":"https:\/\/derechomercantil.umh.es\/ca\/wp-json\/wp\/v2\/posts\/610"}],"collection":[{"href":"https:\/\/derechomercantil.umh.es\/ca\/wp-json\/wp\/v2\/posts"}],"about":[{"href":"https:\/\/derechomercantil.umh.es\/ca\/wp-json\/wp\/v2\/types\/post"}],"author":[{"embeddable":true,"href":"https:\/\/derechomercantil.umh.es\/ca\/wp-json\/wp\/v2\/users\/5016"}],"replies":[{"embeddable":true,"href":"https:\/\/derechomercantil.umh.es\/ca\/wp-json\/wp\/v2\/comments?post=610"}],"version-history":[{"count":0,"href":"https:\/\/derechomercantil.umh.es\/ca\/wp-json\/wp\/v2\/posts\/610\/revisions"}],"wp:attachment":[{"href":"https:\/\/derechomercantil.umh.es\/ca\/wp-json\/wp\/v2\/media?parent=610"}],"wp:term":[{"taxonomy":"category","embeddable":true,"href":"https:\/\/derechomercantil.umh.es\/ca\/wp-json\/wp\/v2\/categories?post=610"},{"taxonomy":"post_tag","embeddable":true,"href":"https:\/\/derechomercantil.umh.es\/ca\/wp-json\/wp\/v2\/tags?post=610"}],"curies":[{"name":"wp","href":"https:\/\/api.w.org\/{rel}","templated":true}]}}