{"id":651,"date":"2022-05-26T21:17:30","date_gmt":"2022-05-26T19:17:30","guid":{"rendered":"https:\/\/derechomercantil.umh.es\/?p=651"},"modified":"2022-05-26T21:18:40","modified_gmt":"2022-05-26T19:18:40","slug":"el-prof-jose-carlos-espigares-participa-como-ponente-invitado-en-curso-organizado-por-la-universidad-de-alcala-sobre-retribucion-de-consejeros","status":"publish","type":"post","link":"https:\/\/derechomercantil.umh.es\/ca\/2022\/05\/26\/el-prof-jose-carlos-espigares-participa-como-ponente-invitado-en-curso-organizado-por-la-universidad-de-alcala-sobre-retribucion-de-consejeros\/","title":{"rendered":"<span lang=\"es\">(Espa\u00f1ol) El prof. Jos\u00e9 Carlos Espigares participa como ponente invitado en Curso organizado por la Universidad de Alcal\u00e1 sobre retribuci\u00f3n de consejeros<\/span>"},"content":{"rendered":"<p class=\"qtranxs-available-languages-message qtranxs-available-languages-message-ca\">Ho sentim, aquesta entrada es troba disponible \u00fanicament en <a href=\"https:\/\/derechomercantil.umh.es\/es\/wp-json\/wp\/v2\/posts\/651\" class=\"qtranxs-available-language-link qtranxs-available-language-link-es\" title=\"Espa\u00f1ol\">Espanyol Europeu<\/a>.<\/p>","protected":false},"excerpt":{"rendered":"<p>Ho sentim, aquesta entrada es troba disponible \u00fanicament en Espanyol Europeu.<\/p>\n","protected":false},"author":336,"featured_media":0,"comment_status":"closed","ping_status":"open","sticky":false,"template":"","format":"standard","meta":{"_links_to":"","_links_to_target":""},"categories":[1],"tags":[],"_links":{"self":[{"href":"https:\/\/derechomercantil.umh.es\/ca\/wp-json\/wp\/v2\/posts\/651"}],"collection":[{"href":"https:\/\/derechomercantil.umh.es\/ca\/wp-json\/wp\/v2\/posts"}],"about":[{"href":"https:\/\/derechomercantil.umh.es\/ca\/wp-json\/wp\/v2\/types\/post"}],"author":[{"embeddable":true,"href":"https:\/\/derechomercantil.umh.es\/ca\/wp-json\/wp\/v2\/users\/336"}],"replies":[{"embeddable":true,"href":"https:\/\/derechomercantil.umh.es\/ca\/wp-json\/wp\/v2\/comments?post=651"}],"version-history":[{"count":0,"href":"https:\/\/derechomercantil.umh.es\/ca\/wp-json\/wp\/v2\/posts\/651\/revisions"}],"wp:attachment":[{"href":"https:\/\/derechomercantil.umh.es\/ca\/wp-json\/wp\/v2\/media?parent=651"}],"wp:term":[{"taxonomy":"category","embeddable":true,"href":"https:\/\/derechomercantil.umh.es\/ca\/wp-json\/wp\/v2\/categories?post=651"},{"taxonomy":"post_tag","embeddable":true,"href":"https:\/\/derechomercantil.umh.es\/ca\/wp-json\/wp\/v2\/tags?post=651"}],"curies":[{"name":"wp","href":"https:\/\/api.w.org\/{rel}","templated":true}]}}